{"id":25971,"date":"2019-05-09T08:38:16","date_gmt":"2019-05-09T08:38:16","guid":{"rendered":"http:\/\/sicdigital.com.ar.ar\/sic\/?p=25971"},"modified":"2019-05-09T08:38:16","modified_gmt":"2019-05-09T08:38:16","slug":"arquitectos-latinoamericanos-desembarcan-en-la-unlp-con-un-ciclo-de-conferencias","status":"publish","type":"post","link":"https:\/\/sicdigital.com.ar\/sic\/arquitectos-latinoamericanos-desembarcan-en-la-unlp-con-un-ciclo-de-conferencias\/","title":{"rendered":"Arquitectos latinoamericanos desembarcan en la UNLP con un ciclo de conferencias"},"content":{"rendered":"<p><a href=\"http:\/\/sicdigital.com.ar.ar\/sic\/wp-content\/uploads\/2019\/05\/20190507112118_arq-latinoamericana.png\"><img loading=\"lazy\" decoding=\"async\" class=\"alignnone size-medium wp-image-25972\" src=\"http:\/\/sicdigital.com.ar.ar\/sic\/wp-content\/uploads\/2019\/05\/20190507112118_arq-latinoamericana-207x300.png\" alt=\"\" width=\"207\" height=\"300\" \/><\/a><\/p>\n<p>Los especialistas brindar\u00e1n charlas en la Facultad de Arquitectura y Urbanismo de la casa de estudios platense. El objetivo ser\u00e1 recorrer a trav\u00e9s de sus obras el desarrollo disciplinar de la regi\u00f3n.<\/p>\n<p>Arquitectos de Paraguay, Colombia, Chile, Uruguay y Per\u00fa desembarcar\u00e1n a partir de este jueves 9 de mayo en la Facultad de Arquitectura y Urbanismo de la Universidad Nacional de La Plata, con conferencias que buscar\u00e1n recorrer a trav\u00e9s de sus obras el desarrollo disciplinar de la regi\u00f3n en el contexto de la producci\u00f3n internacional contempor\u00e1nea.<\/p>\n<p>El encargado de abrir el ciclo ser\u00e1 Javier Corval\u00e1n Esp\u00ednola, arquitecto, docente e investigador paraguayo, cuya obra Capilla Cerrito obtuvo una menci\u00f3n honor\u00edfica en el III Premio Latinoamericano de Arquitectura Rogelio Salmona \u2013 Regi\u00f3n Cono Sur en 2018.<\/p>\n<p>La actividad tendr\u00e1 lugar a las 17:00 en el Sal\u00f3n de Actos Marcos Winograd, de la sede central de la unidad acad\u00e9mica, ubicada en calle 47 N\u00ba 162.<\/p>\n<p>A lo largo del a\u00f1o, la iniciativa continuar\u00e1 con las experiencias de Carlos Medell\u00edn, Sebasti\u00e1n Irarrazaval, Alejandro Aravena, Gustavo Gualano, Sandra Barclay y Jean Pierre Crousse.<\/p>\n<p>&nbsp;<\/p>\n<p>Fuente: info cielo<\/p>\n","protected":false},"excerpt":{"rendered":"<p>Los especialistas brindar\u00e1n charlas en la Facultad de Arquitectura y Urbanismo de la casa de estudios platense. El objetivo ser\u00e1 recorrer a trav\u00e9s de sus obras el desarrollo disciplinar de la regi\u00f3n. Arquitectos de Paraguay, Colombia, Chile, Uruguay y Per\u00fa desembarcar\u00e1n a partir de este jueves 9 de mayo en la Facultad de Arquitectura y [&hellip;]<\/p>\n","protected":false},"author":1,"featured_media":25972,"comment_status":"closed","ping_status":"closed","sticky":false,"template":"","format":"standard","meta":{"_et_pb_use_builder":"","_et_pb_old_content":"","_et_gb_content_width":"","_joinchat":[],"footnotes":""},"categories":[91,6,73],"tags":[3671,42,319,2257,4265,4267,4523,803,5305],"class_list":["post-25971","post","type-post","status-publish","format-standard","has-post-thumbnail","hentry","category-actualidad","category-arquitectura","category-capacitacin","tag-arquitectos-latinoamericanos","tag-arquitectura-2","tag-capacitacion","tag-conferencia","tag-facultad","tag-facultad-de-arquitectura-y-urbanismo","tag-javier-corvalan-espinola","tag-universidad","tag-unlp","et-has-post-format-content","et_post_format-et-post-format-standard"],"_links":{"self":[{"href":"https:\/\/sicdigital.com.ar\/sic\/wp-json\/wp\/v2\/posts\/25971","targetHints":{"allow":["GET"]}}],"collection":[{"href":"https:\/\/sicdigital.com.ar\/sic\/wp-json\/wp\/v2\/posts"}],"about":[{"href":"https:\/\/sicdigital.com.ar\/sic\/wp-json\/wp\/v2\/types\/post"}],"author":[{"embeddable":true,"href":"https:\/\/sicdigital.com.ar\/sic\/wp-json\/wp\/v2\/users\/1"}],"replies":[{"embeddable":true,"href":"https:\/\/sicdigital.com.ar\/sic\/wp-json\/wp\/v2\/comments?post=25971"}],"version-history":[{"count":0,"href":"https:\/\/sicdigital.com.ar\/sic\/wp-json\/wp\/v2\/posts\/25971\/revisions"}],"wp:featuredmedia":[{"embeddable":true,"href":"https:\/\/sicdigital.com.ar\/sic\/wp-json\/"}],"wp:attachment":[{"href":"https:\/\/sicdigital.com.ar\/sic\/wp-json\/wp\/v2\/media?parent=25971"}],"wp:term":[{"taxonomy":"category","embeddable":true,"href":"https:\/\/sicdigital.com.ar\/sic\/wp-json\/wp\/v2\/categories?post=25971"},{"taxonomy":"post_tag","embeddable":true,"href":"https:\/\/sicdigital.com.ar\/sic\/wp-json\/wp\/v2\/tags?post=25971"}],"curies":[{"name":"wp","href":"https:\/\/api.w.org\/{rel}","templated":true}]}}