{"id":27023,"date":"2023-04-09T12:00:00","date_gmt":"2023-04-09T15:00:00","guid":{"rendered":"https:\/\/sicdigital.com.ar\/sic\/?p=27023"},"modified":"2023-04-11T12:41:04","modified_gmt":"2023-04-11T15:41:04","slug":"acelerar-el-cambio-urbano-hacia-ciudades-mas-inteligentes","status":"publish","type":"post","link":"https:\/\/sicdigital.com.ar\/sic\/acelerar-el-cambio-urbano-hacia-ciudades-mas-inteligentes\/","title":{"rendered":"Acelerar el cambio urbano hacia ciudades m\u00e1s inteligentes"},"content":{"rendered":"\n<p>Celebrada en Barcelona desde 2011, Smart City Expo World Congress es el evento de referencia internacional para las ciudades. Nuestra misi\u00f3n es empoderar a las ciudades y colectivizar la innovaci\u00f3n urbana en todo el mundo. A trav\u00e9s de la promoci\u00f3n de la innovaci\u00f3n social y la identificaci\u00f3n de oportunidades de colaboraci\u00f3n, el evento est\u00e1 dedicado a crear un futuro mejor para las ciudades y sus ciudadanos.<\/p>\n\n\n\n<p>A partir del 2021 el gran evento de ciudades inteligentes de Am\u00e9rica Latina regresa a la modalidad presencial y se realiza en una nueva ciudad sede: M\u00e9rida, Yucat\u00e1n.<\/p>\n\n\n\n<p>Los grandes territorios se crean en colaboraci\u00f3n; la suma del esfuerzo, entre actores p\u00fablico y privado para implementar acciones viables que garanticen impactos reales, contribuye en generar sociedades m\u00e1s sustentables, tecnol\u00f3gicas e inclusivas.<br>El SCELC23 es el lugar en el que convergen las grandes ideas, las soluciones, la experiencia, las iniciativas m\u00e1s innovadoras y el centro de encuentro de los l\u00edderes m\u00e1s influyentes que est\u00e1n mejorando todos los entornos en Am\u00e9rica Latina.<\/p>\n\n\n\n<p>La transformaci\u00f3n de las ciudades en Latinoam\u00e9rica, comienza aqu\u00ed.<\/p>\n\n\n\n<p>Ver lo que paso en la edici\u00f3n anterior https:\/\/smartcityexpolatam.com\/document\/memorias\/Memoria_SCELC22.pdf<\/p>\n\n\n\n<p>Carlos Moreno inici\u00f3 comentando que las transiciones urbanas tienen que ver con redefinir la calidad de vida. Esto se refiere a servicios b\u00e1sicos que enaltezcan la vida humana y que incluyan cambios positivos en la ecolog\u00eda y la econom\u00eda de un pa\u00eds para poder realizar un pacto social para la calidad de una vida sostenible.<\/p>\n","protected":false},"excerpt":{"rendered":"<p>Celebrada en Barcelona desde 2011, Smart City Expo World Congress es el evento de referencia internacional para las ciudades. Nuestra misi\u00f3n es empoderar a las ciudades y colectivizar la innovaci\u00f3n urbana en todo el mundo. A trav\u00e9s de la promoci\u00f3n de la innovaci\u00f3n social y la identificaci\u00f3n de oportunidades de colaboraci\u00f3n, el evento est\u00e1 dedicado [&hellip;]<\/p>\n","protected":false},"author":8,"featured_media":27026,"comment_status":"closed","ping_status":"closed","sticky":false,"template":"","format":"standard","meta":{"_et_pb_use_builder":"off","_et_pb_old_content":"","_et_gb_content_width":"","_joinchat":[],"footnotes":""},"categories":[91,126],"tags":[],"class_list":["post-27023","post","type-post","status-publish","format-standard","has-post-thumbnail","hentry","category-actualidad","category-urbanismo","et-has-post-format-content","et_post_format-et-post-format-standard"],"_links":{"self":[{"href":"https:\/\/sicdigital.com.ar\/sic\/wp-json\/wp\/v2\/posts\/27023","targetHints":{"allow":["GET"]}}],"collection":[{"href":"https:\/\/sicdigital.com.ar\/sic\/wp-json\/wp\/v2\/posts"}],"about":[{"href":"https:\/\/sicdigital.com.ar\/sic\/wp-json\/wp\/v2\/types\/post"}],"author":[{"embeddable":true,"href":"https:\/\/sicdigital.com.ar\/sic\/wp-json\/wp\/v2\/users\/8"}],"replies":[{"embeddable":true,"href":"https:\/\/sicdigital.com.ar\/sic\/wp-json\/wp\/v2\/comments?post=27023"}],"version-history":[{"count":1,"href":"https:\/\/sicdigital.com.ar\/sic\/wp-json\/wp\/v2\/posts\/27023\/revisions"}],"predecessor-version":[{"id":27025,"href":"https:\/\/sicdigital.com.ar\/sic\/wp-json\/wp\/v2\/posts\/27023\/revisions\/27025"}],"wp:featuredmedia":[{"embeddable":true,"href":"https:\/\/sicdigital.com.ar\/sic\/wp-json\/wp\/v2\/media\/27026"}],"wp:attachment":[{"href":"https:\/\/sicdigital.com.ar\/sic\/wp-json\/wp\/v2\/media?parent=27023"}],"wp:term":[{"taxonomy":"category","embeddable":true,"href":"https:\/\/sicdigital.com.ar\/sic\/wp-json\/wp\/v2\/categories?post=27023"},{"taxonomy":"post_tag","embeddable":true,"href":"https:\/\/sicdigital.com.ar\/sic\/wp-json\/wp\/v2\/tags?post=27023"}],"curies":[{"name":"wp","href":"https:\/\/api.w.org\/{rel}","templated":true}]}}