{"id":27076,"date":"2023-05-10T13:35:25","date_gmt":"2023-05-10T16:35:25","guid":{"rendered":"https:\/\/sicdigital.com.ar\/sic\/?p=27076"},"modified":"2023-05-10T13:35:27","modified_gmt":"2023-05-10T16:35:27","slug":"una-experiencia-de-arte-sensorial-con-los-universos-energeticos-de-mlu-en-el-casal-de-catalunya","status":"publish","type":"post","link":"https:\/\/sicdigital.com.ar\/sic\/una-experiencia-de-arte-sensorial-con-los-universos-energeticos-de-mlu-en-el-casal-de-catalunya\/","title":{"rendered":"Una experiencia de arte sensorial con los Universos Energ\u00e9ticos de MLU en el Casal de Catalunya"},"content":{"rendered":"\n<p>Llega al Casal de Catalunya la Exposici\u00f3n de arte sensorial \u201cUniversos energ\u00e9ticos\u201d de la artista argentina Mlu. La muestra propone un juego de percepciones para compartir colectivamente, que tendr\u00e1 lugar el pr\u00f3ximo jueves 11 de mayo a las 19 horas. Podr\u00e1 visitarse hasta el 31 de mayo en la sala Antoni Tapies con entrada libre y gratuita. La actividad est\u00e1 prevista para realizarse con auriculares<br><\/p>\n\n\n\n<p>Los Universos energ\u00e9ticos de Mlu proponen descubrir las Transmutaciones y Vibraciones energ\u00e9ticas de los universos potenciales de Mlu.<\/p>\n\n\n\n<p>Su obra desaf\u00eda a expandir el Ser y la Consciencia sobre las emociones trascendentales como la alegr\u00eda, la compasi\u00f3n, el amor y la empat\u00eda, en una b\u00fasqueda del equilibrio subjetivo como aporte a la humanidad.<\/p>\n\n\n\n<p>En \u201cUniversos Energ\u00e9ticos de Mlu\u201d, ella expresa diferentes realidades, formas del ser humano, la relaci\u00f3n con naturaleza y los dem\u00e1s. Registra pl\u00e1sticamente el fluir de las energ\u00edas, vibraciones, como si el color fuese una voz que nos susurrara un mensaje encriptado.<\/p>\n\n\n\n<p>Estas series son un portal energ\u00e9tico de fuerte conexi\u00f3n con el Universo, el Ser, la evoluci\u00f3n y su transformaci\u00f3n. La artista indaga acerca de \u00bfQu\u00e9 permanece dentro de cada uno de nosotros?\u00bfQu\u00e9 movimientos nos inquietan y\/o nos transforman?, de esta manera nos invita a meditar , transmutar y tomar conciencia a trav\u00e9s de sus obras .<\/p>\n\n\n\n<p>La experiencia de arte sensorial de \u201cUniversos Energ\u00e9ticos\u201d se podr\u00e1 visitar hasta el mi\u00e9rcoles 31 de mayo en Chacabuco 863 , San Telmo con entrada libre y gratuita .<\/p>\n\n\n\n<p>Sobre Mlu y su obra<\/p>\n\n\n\n<p>Artista argentina. Docente y Creativa. Mlu se encuentra en su etapa art\u00edstica de madurez como colorista. Desde hace m\u00e1s de 15 a\u00f1os dedica su vida a la creaci\u00f3n de diferentes expresiones art\u00edsticas como el dibujo y el arte pl\u00e1stico. En sus obras conjuga gran plasticidad t\u00e9cnica y un virtuosismo singular, con la complicidad de sus p\u00fablicos para decodificar sus mensajes. Cada pintura logra adentrarnos en los m\u00faltiples universos creativos de su imaginaci\u00f3n. A veces son sismos, otras veces trombas marinas o ventanales y portales para ver otras realidades. De trazo surrealista pero con un mensaje poderoso, profundo y cr\u00edtico, logra conmover a sus p\u00fablicos para tomar conciencia de que otro mundo mejor es posible. Inspiraci\u00f3n. Creaci\u00f3n y Transformaci\u00f3n. Actualmente su cat\u00e1logo cuenta con una amplia cantidad de obras originales. Algunas de ellas pintadas con t\u00e9cnicas mixtas, al \u00f3leo, pasteles, acuarelas y carbonilla. Tambi\u00e9n ha participado de diferentes muestras colectivas, exposiciones y eventos de arte.<\/p>\n\n\n\n<p>Seguila en sus redes sociales Instagram \/ Fb \/MluArteArgentino https:\/\/www.facebook.com\/profile.php?id=100091615884987<\/p>\n\n\n\n<figure class=\"wp-block-embed\"><div class=\"wp-block-embed__wrapper\">\nhttps:\/\/www.instagram.com\/mluarteargentino\/\n<\/div><\/figure>\n","protected":false},"excerpt":{"rendered":"<p>Llega al Casal de Catalunya la Exposici\u00f3n de arte sensorial \u201cUniversos energ\u00e9ticos\u201d de la artista argentina Mlu. La muestra propone un juego de percepciones para compartir colectivamente, que tendr\u00e1 lugar el pr\u00f3ximo jueves 11 de mayo a las 19 horas. Podr\u00e1 visitarse hasta el 31 de mayo en la sala Antoni Tapies con entrada libre [&hellip;]<\/p>\n","protected":false},"author":8,"featured_media":27077,"comment_status":"closed","ping_status":"closed","sticky":false,"template":"","format":"standard","meta":{"_et_pb_use_builder":"off","_et_pb_old_content":"","_et_gb_content_width":"","_joinchat":[],"footnotes":""},"categories":[5400,5402,87,26,1268],"tags":[],"class_list":["post-27076","post","type-post","status-publish","format-standard","has-post-thumbnail","hentry","category-agenda","category-arte","category-cultura","category-eventos","category-feng-shui","et-has-post-format-content","et_post_format-et-post-format-standard"],"_links":{"self":[{"href":"https:\/\/sicdigital.com.ar\/sic\/wp-json\/wp\/v2\/posts\/27076","targetHints":{"allow":["GET"]}}],"collection":[{"href":"https:\/\/sicdigital.com.ar\/sic\/wp-json\/wp\/v2\/posts"}],"about":[{"href":"https:\/\/sicdigital.com.ar\/sic\/wp-json\/wp\/v2\/types\/post"}],"author":[{"embeddable":true,"href":"https:\/\/sicdigital.com.ar\/sic\/wp-json\/wp\/v2\/users\/8"}],"replies":[{"embeddable":true,"href":"https:\/\/sicdigital.com.ar\/sic\/wp-json\/wp\/v2\/comments?post=27076"}],"version-history":[{"count":1,"href":"https:\/\/sicdigital.com.ar\/sic\/wp-json\/wp\/v2\/posts\/27076\/revisions"}],"predecessor-version":[{"id":27078,"href":"https:\/\/sicdigital.com.ar\/sic\/wp-json\/wp\/v2\/posts\/27076\/revisions\/27078"}],"wp:featuredmedia":[{"embeddable":true,"href":"https:\/\/sicdigital.com.ar\/sic\/wp-json\/wp\/v2\/media\/27077"}],"wp:attachment":[{"href":"https:\/\/sicdigital.com.ar\/sic\/wp-json\/wp\/v2\/media?parent=27076"}],"wp:term":[{"taxonomy":"category","embeddable":true,"href":"https:\/\/sicdigital.com.ar\/sic\/wp-json\/wp\/v2\/categories?post=27076"},{"taxonomy":"post_tag","embeddable":true,"href":"https:\/\/sicdigital.com.ar\/sic\/wp-json\/wp\/v2\/tags?post=27076"}],"curies":[{"name":"wp","href":"https:\/\/api.w.org\/{rel}","templated":true}]}}