{"id":27228,"date":"2023-09-16T14:05:00","date_gmt":"2023-09-16T17:05:00","guid":{"rendered":"https:\/\/sicdigital.com.ar\/sic\/?p=27228"},"modified":"2023-09-26T14:09:10","modified_gmt":"2023-09-26T17:09:10","slug":"semana-mundial-de-la-movilidad-sostenible","status":"publish","type":"post","link":"https:\/\/sicdigital.com.ar\/sic\/semana-mundial-de-la-movilidad-sostenible\/","title":{"rendered":"Semana Mundial de la Movilidad Sostenible"},"content":{"rendered":"\n<p>Del 16 al 22 de septiembre se celebra a nivel mundial la Semana de la Movilidad Sostenible, que busca concientizar y promover alternativas de movilidad con menor impacto ambiental. Una encuesta realizada en nuestro pa\u00eds di\u00f3 a conocer c\u00f3mo nos movemos en Argentina, cu\u00e1les son las tendencias y que tan en cuenta tienen a la sustentabilidad y el impacto ambiental en las ciudades.<\/p>\n\n\n\n<p>Esta semana se celebra a nivel mundial la Semana de la Movilidad Sostenible. Esta iniciativa surgi\u00f3 a mediados de la d\u00e9cada de 1990 cuando algunas de las ciudades m\u00e1s importantes de Europa empezaron a celebrar el d\u00eda \u201csin auto\u201d. A partir de ese a\u00f1o, esta fecha en el calendario mundial de diferentes ciudades busca concientizar y promover alternativas de movilidad sustentables buscando generar un menor impacto ambiental y as\u00ed ayudar a las metas de desarrollo sostenible.<\/p>\n\n\n\n<p>En el marco de esta fecha, Ualabee &#8211; el mayor integrador de servicios de movilidad p\u00fablicos y privados en Latinoam\u00e9rica, con rutas y horarios de m\u00e1s de 600 operadores de transporte p\u00fablico, micromovilidad y ride-hailing -, realiz\u00f3 una encuesta con m\u00e1s de 500 participaciones provenientes de diferentes rincones del pa\u00eds que arrojaron datos en cuanto a los h\u00e1bitos, maneras e intereses de la ciudadan\u00eda argentina a la hora de trasladarse.<\/p>\n\n\n\n<p>M\u00e1s del 70% del total de personas que respondieron la encuesta dijo que el medio de movilidad que m\u00e1s utiliza es el colectivo de mediana y corta distancia. En segundo lugar el auto particular con un 8% y lo siguen el subte (3,4%) . Un poco m\u00e1s atr\u00e1s la bicicleta con un 2,8%, el tren con un 2,4% y la moto (1,8%). Siguen los servicios de ride-hailing (1,4%) como Uber o Cabify. Por \u00faltimo el taxi o remis (0,6%) y el monopat\u00edn (0,2%) son los medios de transporte menos utilizados para moverse en las ciudades.<\/p>\n\n\n\n<p>De los medios de transporte elegidos, se observa que un 30,7% de los encuestados se traslada los 7 d\u00edas de la semana y un 31.1% lo hace en d\u00edas h\u00e1biles (de lunes a viernes), lo que refiere a una alta frecuencia de traslados y viajes urbanos.<\/p>\n\n\n\n<p>A la hora de mencionar cuales son los medios de movilidad alternativos al transporte p\u00fablico que suelen utilizar en tramos cortos y cercanos, el 83% dijo que a pie, mientras que la bicicleta se llev\u00f3 un 15%. El Skate, patines, rollers y monopat\u00edn fueron elegidos por el 2% restante.<\/p>\n\n\n\n<p>Los principales motivos de los argentinos para elegir el medio de transporte para moverse en las ciudades son (ordenadas de mayor a menor seg\u00fan la importancia para los encuestados):<\/p>\n\n\n\n<p>Reducir costos &#8211; hoy el argentino promedio invierte entre $120 y $350 diarios &#8211; en traslados<\/p>\n\n\n\n<p>Llegar m\u00e1s r\u00e1pido a destino<\/p>\n\n\n\n<p>Manejar sus tiempos.<\/p>\n\n\n\n<p>Seguridad.<\/p>\n\n\n\n<p>Solo un 8% atribuy\u00f3 su elecci\u00f3n al cuidado del medioambiente y la sustentabilidad a la hora de elegir el medio de transporte para trasladarse. Sin embargo, cuando fueron consultados en qu\u00e9 medida le interesaba conocer el impacto ambiental en sus viajes, es decir, las emisiones de C02 emitidas y su contaminaci\u00f3n a nivel general, el 70,9% se mostr\u00f3 con un alto inter\u00e9s en contar con mayor informaci\u00f3n al respecto. Esto permite deducir que la poblaci\u00f3n necesita un mayor conocimiento sobre el impacto ambiental de sus viajes para tomar mejores decisiones a la hora de elegir el medio de transporte para trasladarse.<\/p>\n\n\n\n<p>Seguidamente, se indag\u00f3 a la poblaci\u00f3n encuestada sobre qu\u00e9 considera cuando se le habla de \u201cmovilidad sostenible\u201d, lo que en su mayor\u00eda asocia a este concepto a un transporte que produce menos contaminaci\u00f3n, que es amigable con el medioambiente y que no deja una gran huella de carbono. A esta pregunta abierta, una gran cantidad de personas respondi\u00f3 que la relacionan con la bicicleta y la caminata; otras, con la movilidad el\u00e9ctrica.<\/p>\n\n\n\n<p>Por \u00faltimo, entre las condiciones que deber\u00edan darse para que las personas elijan viajar en medios de transporte sin combusti\u00f3n como la bici, el monopat\u00edn el\u00e9ctrico o la caminata, se encontr\u00f3 mayor\u00eda de respuesta en las opciones de d\u00e9ficit en seguridad vial \/ en el tr\u00e1nsito, mayor oferta de estacionamientos y servicios, y mayor oferta de alquiler de servicios de micromovilidad (bicicletas, scooters, etc).<\/p>\n\n\n\n<p>\u00abLos n\u00fameros y las respuestas reflejan que la elecci\u00f3n de los medios de movilidad alternativos al autom\u00f3vil ayudan y mucho a la hora de pensar acerca del impacto ambiental en las ciudades. Si consideramos que cada ciudadano pierde un promedio de 3 a\u00f1os de vida al moverse fruto de la congesti\u00f3n y los traslados, y que las ciudades seguir\u00e1n creciendo, hoy m\u00e1s que nunca necesitamos implementar una movilidad inteligente y sostenible, que integre servicios ahorrando tiempos y fomentando el desarrollo sustentable de nuestras urbes. Esto a su vez se logra gracias a la articulaci\u00f3n p\u00fablico-privada que permite generar un impacto significativo en la sociedad\u201d, Alexis Pic\u00f3n Guell &#8211; COO de Ualabee.<\/p>\n\n\n\n<p>Ualabee como plataforma de movilidad inteligente, que proporciona alternativas de viaje para ir de un punto al otro en la ciudad, integrando todos los servicios de transporte en un mismo lugar, se convierte en un aliado de los gobiernos y operadores de transporte, para abordar los desaf\u00edos de la movilidad poniendo a disposici\u00f3n su tecnolog\u00eda para cubrir las necesidades de la ciudadan\u00eda.<\/p>\n\n\n\n<p>Sin dudas que al camino para sentar las bases de una movilidad sostenible todav\u00eda le quedan muchos kil\u00f3metros por delante, pero con el compromiso de todas las partes involucradas se podr\u00e1 lograr que nuestras ciudades sean cada vez m\u00e1s limpias y sostenibles.<\/p>\n","protected":false},"excerpt":{"rendered":"<p>Del 16 al 22 de septiembre se celebra a nivel mundial la Semana de la Movilidad Sostenible, que busca concientizar y promover alternativas de movilidad con menor impacto ambiental. Una encuesta realizada en nuestro pa\u00eds di\u00f3 a conocer c\u00f3mo nos movemos en Argentina, cu\u00e1les son las tendencias y que tan en cuenta tienen a la [&hellip;]<\/p>\n","protected":false},"author":8,"featured_media":27229,"comment_status":"closed","ping_status":"closed","sticky":false,"template":"","format":"standard","meta":{"_et_pb_use_builder":"off","_et_pb_old_content":"","_et_gb_content_width":"","_joinchat":[],"footnotes":""},"categories":[91,2631],"tags":[],"class_list":["post-27228","post","type-post","status-publish","format-standard","has-post-thumbnail","hentry","category-actualidad","category-energia-2","et-has-post-format-content","et_post_format-et-post-format-standard"],"_links":{"self":[{"href":"https:\/\/sicdigital.com.ar\/sic\/wp-json\/wp\/v2\/posts\/27228","targetHints":{"allow":["GET"]}}],"collection":[{"href":"https:\/\/sicdigital.com.ar\/sic\/wp-json\/wp\/v2\/posts"}],"about":[{"href":"https:\/\/sicdigital.com.ar\/sic\/wp-json\/wp\/v2\/types\/post"}],"author":[{"embeddable":true,"href":"https:\/\/sicdigital.com.ar\/sic\/wp-json\/wp\/v2\/users\/8"}],"replies":[{"embeddable":true,"href":"https:\/\/sicdigital.com.ar\/sic\/wp-json\/wp\/v2\/comments?post=27228"}],"version-history":[{"count":2,"href":"https:\/\/sicdigital.com.ar\/sic\/wp-json\/wp\/v2\/posts\/27228\/revisions"}],"predecessor-version":[{"id":27231,"href":"https:\/\/sicdigital.com.ar\/sic\/wp-json\/wp\/v2\/posts\/27228\/revisions\/27231"}],"wp:featuredmedia":[{"embeddable":true,"href":"https:\/\/sicdigital.com.ar\/sic\/wp-json\/wp\/v2\/media\/27229"}],"wp:attachment":[{"href":"https:\/\/sicdigital.com.ar\/sic\/wp-json\/wp\/v2\/media?parent=27228"}],"wp:term":[{"taxonomy":"category","embeddable":true,"href":"https:\/\/sicdigital.com.ar\/sic\/wp-json\/wp\/v2\/categories?post=27228"},{"taxonomy":"post_tag","embeddable":true,"href":"https:\/\/sicdigital.com.ar\/sic\/wp-json\/wp\/v2\/tags?post=27228"}],"curies":[{"name":"wp","href":"https:\/\/api.w.org\/{rel}","templated":true}]}}