{"id":27322,"date":"2025-09-22T13:58:43","date_gmt":"2025-09-22T16:58:43","guid":{"rendered":"https:\/\/sicdigital.com.ar\/sic\/?p=27322"},"modified":"2025-09-22T13:58:44","modified_gmt":"2025-09-22T16:58:44","slug":"construccion-circular-alquilar-en-vez-de-compraruna-decision-con-impacto","status":"publish","type":"post","link":"https:\/\/sicdigital.com.ar\/sic\/construccion-circular-alquilar-en-vez-de-compraruna-decision-con-impacto\/","title":{"rendered":"Construcci\u00f3n circular: alquilar en vez de comprar,una decisi\u00f3n con impacto"},"content":{"rendered":"\n<p>En un sector hist\u00f3ricamente asociado al consumo intensivo de recursos y la generaci\u00f3n de residuos como la construcci\u00f3n, hablar de sustentabilidad a\u00fan suena m\u00e1s a promesa que a una pr\u00e1ctica real y concreta. Sin embargo, en el entramado de modelos productivos que busca reinventarse bajo principios circulares, una alternativa gana terreno: la utilizaci\u00f3n compartida de herramientas y maquinaria como estrategia para reducir la sobreproducci\u00f3n, extender el ciclo de vida de los equipos y minimizar desperdicios.<\/p>\n\n\n\n<p>Esta l\u00f3gica \u2014m\u00e1s enfocada en el uso eficiente que en la propiedad\u2014 no es nueva, pero empieza a tomar un nuevo valor frente al actual escenario ambiental y econ\u00f3mico. En vez de multiplicar equipos en cada empresa, obra o contratista, \u00bfPor qu\u00e9 no compartirlos? \u00bfPor qu\u00e9 no profesionalizar ese acceso bajo demanda?<\/p>\n\n\n\n<p>\u201cEl futuro del sector pasa por alquilar m\u00e1s y adquirir menos. No se trata solo de eficiencia econ\u00f3mica, sino de reducir el volumen de residuos, extender la vida \u00fatil de los equipos y facilitar el acceso a tecnolog\u00eda de alto est\u00e1ndar.\u201d<\/p>\n\n\n\n<p>Usar seg\u00fan necesidad: un principio clave<\/p>\n\n\n\n<p>Uno de los pilares de la econom\u00eda circular es maximizar el valor de los productos durante el mayor tiempo posible. En lugar de adquirir maquinaria que ser\u00e1 subutilizada o descartada antes de agotar su potencial t\u00e9cnico, la modalidad de alquiler permite repartir la disponibilidad entre m\u00faltiples usuarios, prolongar su funcionamiento y evitar fabricaciones innecesarias. A la vez, se reducen las emisiones derivadas de la producci\u00f3n, transporte y descarte.<\/p>\n\n\n\n<p>El informe The Benefits of Equipment Rental, de la European Rental Association (ERA), indica que un aprovechamiento m\u00e1s intensivo y profesionalizado de la maquinaria puede reducir hasta un 30% la huella de carbono frente al modelo de propiedad individual. Adem\u00e1s, resalta que esta modalidad fomenta la innovaci\u00f3n tecnol\u00f3gica, ya que permite el acceso a equipos de \u00faltima generaci\u00f3n, sin asumir el costo de compra, favoreciendo una renovaci\u00f3n constante y m\u00e1s limpia del parque de maquinaria.<\/p>\n\n\n\n<p>\u201cCompartir herramientas no es solo una soluci\u00f3n pr\u00e1ctica, es una forma inteligente de construir con responsabilidad. Cada vez que una m\u00e1quina se comparte, evitamos fabricar otra que, tal vez, no era necesaria. Esa l\u00f3gica es el coraz\u00f3n de una construcci\u00f3n m\u00e1s consciente y sustentable.\u201d<\/p>\n\n\n\n<p>Una industria que empieza a repensarse<\/p>\n\n\n\n<p>En Europa, el 68% de las empresas constructoras ya prioriza maquinaria de bajas emisiones al momento de arrendar. Si bien, en Am\u00e9rica Latina a\u00fan no existen estad\u00edsticas tan consolidadas, el surgimiento y expansi\u00f3n de franquicias especializadas comienza a consolidarse.<\/p>\n\n\n\n<p>M\u00e1s all\u00e1 de los casos puntuales, la tendencia es clara: desde peque\u00f1as reformas hogare\u00f1as hasta grandes obras, optar por el acceso temporal a equipos ya no se limita a solo una cuesti\u00f3n de ahorro. Ha evolucionado para convertirse en una decisi\u00f3n racional frente a un sistema cuyo modelo de consumo amenaza con volverse inviable.<\/p>\n\n\n\n<p>Menos residuos, m\u00e1s eficiencia<\/p>\n\n\n\n<p>Seg\u00fan el Programa de las Naciones Unidas para el Medio Ambiente (PNUMA), la construcci\u00f3n representa m\u00e1s del 30% de los residuos s\u00f3lidos urbanos en ciertas ciudades. Muchos de estos desechos provienen de una cultura de \u201cusar y descartar\u201d: herramientas abandonadas, equipos obsoletos o sin mantenimiento.<\/p>\n\n\n\n<p>Por el contrario, el alquiler promueve la reparaci\u00f3n, el mantenimiento preventivo y la trazabilidad, lo que no solo alarga la vida \u00fatil de los equipos, sino que tambi\u00e9n genera empleos indirectos y fortalece la red de servicios t\u00e9cnicos especializados.<\/p>\n\n\n\n<p>\u00bfC\u00f3mo acelerar esta transici\u00f3n?<\/p>\n\n\n\n<p>La clave est\u00e1 en escalar el modelo m\u00e1s all\u00e1 de los nichos, hacia una estrategia sectorial que integre pol\u00edticas p\u00fablicas y decisiones empresariales. Esto implica:<br>Regulaci\u00f3n que promueva el uso compartido de equipos en obras p\u00fablicas.<br>Incentivos fiscales para empresas que adopten esquemas circulares.<br>Capacitaci\u00f3n espec\u00edfica para profesionales que a\u00fan operan bajo l\u00f3gicas tradicionales.<\/p>\n\n\n\n<p>Al mismo tiempo, es necesario visibilizar los impactos positivos de estas decisiones. Porque optar por esta alternativa colaborativa no es un gesto menor: es una forma tangible de optimizar recursos existentes, aliviar la presi\u00f3n sobre el ambiente y democratizar el acceso a tecnolog\u00eda avanzada.<\/p>\n\n\n\n<p>En un contexto donde la construcci\u00f3n tiene el desaf\u00edo de redefinir su rol, el alquiler de herramientas deja de ser una opci\u00f3n meramente operativa o financiera para convertirse en una estrategia con impacto ambiental, econ\u00f3mico y cultural.<br>Adoptarla implica cambiar la l\u00f3gica de acumulaci\u00f3n por una l\u00f3gica de circulaci\u00f3n. Dejar de pensar en \u201ctener\u201d para empezar a pensar en \u201cusar bien\u201d.<\/p>\n\n\n\n<p>Y, en definitiva, construir \u2014literal y simb\u00f3licamente\u2014 un futuro m\u00e1s sustentable.<\/p>\n","protected":false},"excerpt":{"rendered":"<p>En un sector hist\u00f3ricamente asociado al consumo intensivo de recursos y la generaci\u00f3n de residuos como la construcci\u00f3n, hablar de sustentabilidad a\u00fan suena m\u00e1s a promesa que a una pr\u00e1ctica real y concreta. Sin embargo, en el entramado de modelos productivos que busca reinventarse bajo principios circulares, una alternativa gana terreno: la utilizaci\u00f3n compartida de [&hellip;]<\/p>\n","protected":false},"author":8,"featured_media":27323,"comment_status":"closed","ping_status":"closed","sticky":false,"template":"","format":"standard","meta":{"_et_pb_use_builder":"off","_et_pb_old_content":"","_et_gb_content_width":"","_joinchat":[],"footnotes":""},"categories":[91,2],"tags":[],"class_list":["post-27322","post","type-post","status-publish","format-standard","has-post-thumbnail","hentry","category-actualidad","category-bioarquitectura","et-has-post-format-content","et_post_format-et-post-format-standard"],"_links":{"self":[{"href":"https:\/\/sicdigital.com.ar\/sic\/wp-json\/wp\/v2\/posts\/27322","targetHints":{"allow":["GET"]}}],"collection":[{"href":"https:\/\/sicdigital.com.ar\/sic\/wp-json\/wp\/v2\/posts"}],"about":[{"href":"https:\/\/sicdigital.com.ar\/sic\/wp-json\/wp\/v2\/types\/post"}],"author":[{"embeddable":true,"href":"https:\/\/sicdigital.com.ar\/sic\/wp-json\/wp\/v2\/users\/8"}],"replies":[{"embeddable":true,"href":"https:\/\/sicdigital.com.ar\/sic\/wp-json\/wp\/v2\/comments?post=27322"}],"version-history":[{"count":1,"href":"https:\/\/sicdigital.com.ar\/sic\/wp-json\/wp\/v2\/posts\/27322\/revisions"}],"predecessor-version":[{"id":27324,"href":"https:\/\/sicdigital.com.ar\/sic\/wp-json\/wp\/v2\/posts\/27322\/revisions\/27324"}],"wp:featuredmedia":[{"embeddable":true,"href":"https:\/\/sicdigital.com.ar\/sic\/wp-json\/wp\/v2\/media\/27323"}],"wp:attachment":[{"href":"https:\/\/sicdigital.com.ar\/sic\/wp-json\/wp\/v2\/media?parent=27322"}],"wp:term":[{"taxonomy":"category","embeddable":true,"href":"https:\/\/sicdigital.com.ar\/sic\/wp-json\/wp\/v2\/categories?post=27322"},{"taxonomy":"post_tag","embeddable":true,"href":"https:\/\/sicdigital.com.ar\/sic\/wp-json\/wp\/v2\/tags?post=27322"}],"curies":[{"name":"wp","href":"https:\/\/api.w.org\/{rel}","templated":true}]}}